{"id":917,"date":"2024-03-12T09:01:10","date_gmt":"2024-03-12T09:01:10","guid":{"rendered":"http:\/\/1siebert.de\/cp\/?p=917"},"modified":"2024-07-07T10:00:14","modified_gmt":"2024-07-07T10:00:14","slug":"bald-zugaenglich-die-schul-archive","status":"publish","type":"post","link":"https:\/\/1siebert.de\/hsscp\/2024\/03\/12\/bald-zugaenglich-die-schul-archive\/","title":{"rendered":"Fertig !! &#8211; Das Schul-Archiv (1992 &#8211; 2020)"},"content":{"rendered":"<p><span style=\"font: normal 12pt arial;\"><img decoding=\"async\" loading=\"lazy\" class=\"size-full wp-image-867 alignleft\" src=\"https:\/\/1siebert.de\/hsscp\/wp-content\/uploads\/2024\/02\/IMG_1121-Kopie.jpg\" alt=\"\" width=\"300\" height=\"399\" srcset=\"https:\/\/1siebert.de\/hsscp\/wp-content\/uploads\/2024\/02\/IMG_1121-Kopie.jpg 300w, https:\/\/1siebert.de\/hsscp\/wp-content\/uploads\/2024\/02\/IMG_1121-Kopie-226x300.jpg 226w\" sizes=\"(max-width: 300px) 100vw, 300px\"><\/span><\/p>\n<p><span style=\"font: normal 12pt arial;\"><br>\nDa 2020 die Carmen Sylva-Schule ein anderes Homepage-System gew\u00e4hlt hat, k\u00f6nnen ehemalige Sch\u00fcler und Kollegen nicht mehr wie gewohnt auf die seit Jahrzehnten eingestellten Bilder aus ihrer Schulzeit zugreifen.<br>\n<\/span><\/p>\n<p><span style=\"font: normal 12pt arial;\">Daher habe ich mich entschlossen, nach der schriftlichen Erlaubnis des Ministeriums, diese verlorenen Photos wieder zu einer Schulgalerie zusammenzuf\u00fchren.<br>\n<\/span><\/p>\n<p><span style=\"font: normal 12pt arial;\">Die Galerie beinhaltet momentan <strong>4.192 Bilder in 205 Ordnern!<\/strong>, w\u00e4chst aber st\u00e4ndig weiter.<br>\n<span style=\"background-color: #ffe4c4; padding: 5px;\">Men\u00fcpunkt \u2799 <strong>Archive<\/strong><\/span><\/span><\/p>\n<p><span style=\"font: normal 12pt arial;\">\u2799\u2799 Wer also noch Bilder zuhause findet, dann bitte meldet euch (\u2799 Kontakte)<br>\nDanke \ud83d\ude4f\ud83d\ude0e <\/span><\/p>\n","protected":false},"excerpt":{"rendered":"<p>Da 2020 die Carmen Sylva-Schule ein anderes Homepage-System gew\u00e4hlt hat, k\u00f6nnen ehemalige Sch\u00fcler und Kollegen nicht mehr wie gewohnt auf die seit Jahrzehnten eingestellten Bilder aus ihrer Schulzeit zugreifen. Daher habe ich mich entschlossen, nach der schriftlichen Erlaubnis des Ministeriums, &hellip; <a href=\"https:\/\/1siebert.de\/hsscp\/2024\/03\/12\/bald-zugaenglich-die-schul-archive\/\">Weiterlesen <span class=\"meta-nav\">&rarr;<\/span><\/a> <a href=\"https:\/\/1siebert.de\/hsscp\/2024\/03\/12\/bald-zugaenglich-die-schul-archive\/\">Weiterlesen <span class=\"meta-nav\">&rarr;<\/span><\/a><\/p>\n","protected":false},"author":2,"featured_media":0,"comment_status":"closed","ping_status":"closed","sticky":false,"template":"","format":"standard","meta":[],"categories":[1],"tags":[],"_links":{"self":[{"href":"https:\/\/1siebert.de\/hsscp\/wp-json\/wp\/v2\/posts\/917"}],"collection":[{"href":"https:\/\/1siebert.de\/hsscp\/wp-json\/wp\/v2\/posts"}],"about":[{"href":"https:\/\/1siebert.de\/hsscp\/wp-json\/wp\/v2\/types\/post"}],"author":[{"embeddable":true,"href":"https:\/\/1siebert.de\/hsscp\/wp-json\/wp\/v2\/users\/2"}],"replies":[{"embeddable":true,"href":"https:\/\/1siebert.de\/hsscp\/wp-json\/wp\/v2\/comments?post=917"}],"version-history":[{"count":1,"href":"https:\/\/1siebert.de\/hsscp\/wp-json\/wp\/v2\/posts\/917\/revisions"}],"predecessor-version":[{"id":1072,"href":"https:\/\/1siebert.de\/hsscp\/wp-json\/wp\/v2\/posts\/917\/revisions\/1072"}],"wp:attachment":[{"href":"https:\/\/1siebert.de\/hsscp\/wp-json\/wp\/v2\/media?parent=917"}],"wp:term":[{"taxonomy":"category","embeddable":true,"href":"https:\/\/1siebert.de\/hsscp\/wp-json\/wp\/v2\/categories?post=917"},{"taxonomy":"post_tag","embeddable":true,"href":"https:\/\/1siebert.de\/hsscp\/wp-json\/wp\/v2\/tags?post=917"}],"curies":[{"name":"wp","href":"https:\/\/api.w.org\/{rel}","templated":true}]}}